{"id":97,"date":"2021-10-03T19:29:46","date_gmt":"2021-10-03T19:29:46","guid":{"rendered":"http:\/\/www.yapiklinik.com\/?p=97"},"modified":"2021-10-03T19:29:46","modified_gmt":"2021-10-03T19:29:46","slug":"renkler-renklerin-uyumu","status":"publish","type":"post","link":"http:\/\/www.yapiklinik.com\/?p=97","title":{"rendered":"Renkler, Renklerin Uyumu"},"content":{"rendered":"\n<p>I\u015f\u0131\u011f\u0131n g\u00f6z\u00fcn retinas\u0131na&nbsp;de\u011fi\u015fik bi\u00e7imde ula\u015fmas\u0131 ile ortaya \u00e7\u0131kan bir alg\u0131lamad\u0131r. Bu alg\u0131lama, \u0131\u015f\u0131\u011f\u0131n maddeler \u00fczerine \u00e7arpmas\u0131 ve k\u0131smen so\u011furulup k\u0131smen yans\u0131mas\u0131 nedeniyle \u00e7e\u015fitlilik g\u00f6sterir ki bunlar renk tonu veya renk olarak adland\u0131r\u0131l\u0131r . Renk, \u00e7evredeki etkenlere g\u00f6re g\u00f6z\u00fcm\u00fcz taraf\u0131ndan farkl\u0131 alg\u0131lanabilir. Binalar\u0131n cephelerinin \u0131\u015f\u0131\u011f\u0131 farkl\u0131 noktalardan almas\u0131, havan\u0131n a\u00e7\u0131k ya da kapal\u0131 olmas\u0131, g\u00fcne\u015f \u0131\u015f\u0131\u011f\u0131n\u0131n durumu, sabah \u00f6\u011flen ve ak\u015fam saatlerinde ayn\u0131 cephelerde renk farkl\u0131 g\u00f6r\u00fcnebilir. \u0130\u00e7 cephelerde \u0131\u015f\u0131k kayna\u011f\u0131n\u0131n \u00e7e\u015fidi, odadaki e\u015fyalar\u0131n konumu ve renkleri bile ayn\u0131 rengin farkl\u0131 duvarlarda daha farkl\u0131 g\u00f6r\u00fcnmesine sebep olabilir. Bu sebeple yapmak istedi\u011fimiz rengi mutlaka g\u00fcn \u0131\u015f\u0131\u011f\u0131nda se\u00e7meli ve numune yapmal\u0131y\u0131z. Aksi taktirde kapal\u0131 bir havada bize \u00e7ok koyu gibi g\u00f6r\u00fcnen renk, g\u00fcne\u015fli havada a\u00e7\u0131k g\u00f6r\u00fcnebilir. Biz sadece kapal\u0131 havalarda g\u00f6r\u00fcp rengi de\u011fi\u015ftirmeye karar verirsek anlams\u0131z yere renk de\u011fi\u015ftirmi\u015f oluruz.<\/p>\n\n\n\n<p><strong>Ana Renkler:<\/strong><\/p>\n\n\n\n<p><strong>Mavi :<\/strong>&nbsp;Dinlendiricili\u011fi ve edilgenli\u011fi anlat\u0131r. Koyu tonlarda ya da yo\u011fun olarak kullan\u0131ld\u0131\u011f\u0131nda moral bozan, kasvet veren, a\u00e7\u0131k tonlarda ya da beyazla kar\u0131\u015f\u0131k kullan\u0131ld\u0131\u011f\u0131nda, yat\u0131\u015ft\u0131r\u0131c\u0131 ve g\u00fcven veren bir etki yarat\u0131r. S\u0131n\u0131rs\u0131zl\u0131\u011f\u0131 ve uzak bak\u0131\u015fl\u0131l\u0131\u011f\u0131 simgeler. Huzuru temsil eder ve sakinle\u015ftirir. Araplar mavinin kan ak\u0131\u015f\u0131n\u0131 yava\u015flatt\u0131\u011f\u0131na inan\u0131r, nazar boncu\u011fu o y\u00fczden mavidir. Bat\u0131da intiharlar\u0131 azaltmak i\u00e7in k\u00f6pr\u00fc ayaklar\u0131n\u0131 maviye boyarlar. Duvarlar\u0131 mavi olan okullarda \u00e7ocuklar\u0131n daha az yaramazl\u0131k yapt\u0131\u011f\u0131 saptanm\u0131\u015ft\u0131r.<\/p>\n\n\n\n<p><strong>Sar\u0131 :&nbsp;<\/strong>En parlak renk. Dikkat \u00e7eker, bu y\u00fczden uyar\u0131 \u0131\u015f\u0131klar\u0131nda sar\u0131 tercih edilir. Ayr\u0131ca dikkat \u00e7ekicili\u011finden dolay\u0131 d\u00fcnyada taksiler sar\u0131d\u0131r. Sonbahar\u0131n da bask\u0131n renkleri sar\u0131 ve sar\u0131-turuncu, duygular\u0131m\u0131z\u0131 yakalayan, g\u00fc\u00e7l\u00fc bir \u00e7ekicili\u011fe sahiptir. Ne\u015feyi anlat\u0131r. Sar\u0131 zeka ,incelik ve pratiklikle de ilgilidir. Toplumsal ya\u015fam\u0131 ve birlikte \u00e7al\u0131\u015fmay\u0131 yans\u0131tan bir anlam\u0131 vard\u0131r. Ge\u00e7icili\u011fin sembol\u00fcd\u00fcr. Sar\u0131 ayr\u0131ca h\u00fcz\u00fcn ve \u00f6zlemin rengidir. Sonbahar\u0131n t\u00fcm h\u00fcz\u00fcnl\u00fc g\u00fczelli\u011finde onun her rengini izlemek m\u00fcmk\u00fcnd\u00fcr<\/p>\n\n\n\n<p><strong>K\u0131rm\u0131z\u0131:<\/strong>&nbsp;En uzun dalga boyuna sahip olan k\u0131rm\u0131z\u0131 renk, \u00f6zellikle de koyu bir arka plan ile birlikte kullan\u0131ld\u0131\u011f\u0131nda \u00f6yle \u015fiddetlidir ki, bir g\u00f6r\u00fcnt\u00fcde yer alan k\u00fc\u00e7\u00fcc\u00fck k\u0131rm\u0131z\u0131 bir leke bile g\u00f6r\u00fcnt\u00fcn\u00fcn her yerini etkiler. Bu renk canl\u0131l\u0131k ve dinamizmle ilgili bir renktir. Mutlulu\u011fu temsil eder. K\u0131rm\u0131z\u0131 renk, fiziksel olarak; atakl\u0131\u011f\u0131, canl\u0131l\u0131\u011f\u0131 ve duygusal ba\u011flamda; bir i\u015fi sonuna kadar g\u00f6t\u00fcren azmi ve kararl\u0131l\u0131\u011f\u0131 g\u00f6sterir.\u0130\u015ftah a\u00e7ar. O y\u00fczden d\u00fcnyadaki g\u0131da firmalar\u0131n\u0131n \u00e7o\u011fu logosunda k\u0131rm\u0131z\u0131y\u0131 kullan\u0131r. K\u0131rm\u0131z\u0131 tansiyonu y\u00fckseltir, kan ak\u0131\u015f\u0131n\u0131 h\u0131zland\u0131r\u0131r.<\/p>\n\n\n\n<p>Di\u011fer renkleri kar\u0131\u015ft\u0131rarak bu renkleri elde edemezsiniz. Ancak ana renkleri kar\u0131\u015ft\u0131rarak farkl\u0131 renkler elde edersiniz. Mavi sar\u0131 ile kar\u0131\u015f\u0131rsa Ye\u015fil olur. K\u0131rm\u0131z\u0131 Sar\u0131 ile kar\u0131\u015f\u0131rsa Turuncu olur. K\u0131rm\u0131z\u0131 mavi ile kar\u0131\u015f\u0131rsa Mor olur.<\/p>\n\n\n\n<p><strong>S\u0131cak Renkler<\/strong><\/p>\n\n\n\n<p>Boyanmas\u0131 gereken mek\u00e2n\u0131n konumu renk tercihinde \u00f6nemlidir. Boyanacak mek\u00e2n\u0131n konumu kuzey y\u00f6n ise s\u0131cak renklerle (k\u0131rm\u0131z\u0131, sar\u0131, turuncu) boyanmas\u0131 halinde s\u0131cak bir atmosfer olu\u015fturmak m\u00fcmk\u00fcnd\u00fcr. \u00d6zellikle bu renkler daha \u00e7ok bar ve restaurantlarda kullan\u0131l\u0131r.<\/p>\n\n\n\n<p><strong>So\u011fuk Renkler<\/strong><\/p>\n\n\n\n<p>Boyanmak istenilen mek\u00e2n konum olarak g\u00fcneyde ise bu durumda so\u011fuk renklerle (mavi, mor, ye\u015fil, gri) boyanarak so\u011fuk bir atmosfer olu\u015fturulabilir.<\/p>\n\n\n\n<p><strong>Uyumlu Renkler<\/strong><\/p>\n\n\n\n<p>Genel olarak renk kartelalar\u0131nda birbirini takip eden ve yan\u0131 renk tonlar\u0131ndan a\u00e7\u0131\u011fa do\u011fru y\u00f6nelmesiyle olu\u015fan ve insanda bir ahenk uyand\u0131ran renklerdir. Bu renkler insana rahatl\u0131k hissi verir.<\/p>\n\n\n\n<p><strong>Z\u0131t-Kontrast Renkler<\/strong><\/p>\n\n\n\n<p>Renk kartelalar\u0131nda farkl\u0131 sayfalarda bulununan ve farkl\u0131 tonlarda olan renklerin bir biriyle uyumsuzlu\u011fu ile olu\u015fan renklerdir. Bu renkler do\u011fru se\u00e7ilerek kullan\u0131ld\u0131\u011f\u0131nda birbirini tamamlar. \u00d6zellikle dekorasyon dergileri ve yayg\u0131nla\u015fan cafelerde z\u0131t renkler yo\u011fun olarak kullan\u0131lmaktad\u0131r.<\/p>\n\n\n\n<p><strong>A\u00e7\u0131k Renkler<\/strong><\/p>\n\n\n\n<p>Bu renk tonlar\u0131 daha \u00e7ok ferah ve i\u00e7 rahatlat\u0131c\u0131 olduklar\u0131ndan k\u00fc\u00e7\u00fck mekanlarda tercih edilirler. Ayn\u0131 zamanda hastane ve kliniklerde yo\u011fun kullan\u0131l\u0131rlar.<\/p>\n\n\n\n<p><strong>Koyu Renkler<\/strong><\/p>\n\n\n\n<p>Bu renk tonlar\u0131 daha \u00e7ok geni\u015f mekanlarda veya barlarda tercih edilir. Mekan\u0131 daha dar g\u00f6sterdi\u011finden b\u00fcy\u00fck alanlarda kullan\u0131l\u0131r.<\/p>\n","protected":false},"excerpt":{"rendered":"<p>I\u015f\u0131\u011f\u0131n g\u00f6z\u00fcn retinas\u0131na&nbsp;de\u011fi\u015fik bi\u00e7imde ula\u015fmas\u0131 ile ortaya \u00e7\u0131kan bir alg\u0131lamad\u0131r. Bu alg\u0131lama, \u0131\u015f\u0131\u011f\u0131n maddeler \u00fczerine \u00e7arpmas\u0131 ve k\u0131smen so\u011furulup k\u0131smen yans\u0131mas\u0131 nedeniyle \u00e7e\u015fitlilik g\u00f6sterir ki bunlar renk tonu veya renk olarak adland\u0131r\u0131l\u0131r . Renk, \u00e7evredeki etkenlere g\u00f6re g\u00f6z\u00fcm\u00fcz taraf\u0131ndan farkl\u0131 &hellip; <a href=\"http:\/\/www.yapiklinik.com\/?p=97\">Okumaya devam et <span class=\"meta-nav\">&rarr;<\/span><\/a><\/p>\n","protected":false},"author":1,"featured_media":0,"comment_status":"open","ping_status":"open","sticky":false,"template":"","format":"standard","meta":{"footnotes":""},"categories":[7],"tags":[],"class_list":["post-97","post","type-post","status-publish","format-standard","hentry","category-dekoratif-boya-profesyonel"],"_links":{"self":[{"href":"http:\/\/www.yapiklinik.com\/index.php?rest_route=\/wp\/v2\/posts\/97","targetHints":{"allow":["GET"]}}],"collection":[{"href":"http:\/\/www.yapiklinik.com\/index.php?rest_route=\/wp\/v2\/posts"}],"about":[{"href":"http:\/\/www.yapiklinik.com\/index.php?rest_route=\/wp\/v2\/types\/post"}],"author":[{"embeddable":true,"href":"http:\/\/www.yapiklinik.com\/index.php?rest_route=\/wp\/v2\/users\/1"}],"replies":[{"embeddable":true,"href":"http:\/\/www.yapiklinik.com\/index.php?rest_route=%2Fwp%2Fv2%2Fcomments&post=97"}],"version-history":[{"count":1,"href":"http:\/\/www.yapiklinik.com\/index.php?rest_route=\/wp\/v2\/posts\/97\/revisions"}],"predecessor-version":[{"id":98,"href":"http:\/\/www.yapiklinik.com\/index.php?rest_route=\/wp\/v2\/posts\/97\/revisions\/98"}],"wp:attachment":[{"href":"http:\/\/www.yapiklinik.com\/index.php?rest_route=%2Fwp%2Fv2%2Fmedia&parent=97"}],"wp:term":[{"taxonomy":"category","embeddable":true,"href":"http:\/\/www.yapiklinik.com\/index.php?rest_route=%2Fwp%2Fv2%2Fcategories&post=97"},{"taxonomy":"post_tag","embeddable":true,"href":"http:\/\/www.yapiklinik.com\/index.php?rest_route=%2Fwp%2Fv2%2Ftags&post=97"}],"curies":[{"name":"wp","href":"https:\/\/api.w.org\/{rel}","templated":true}]}}