{"id":188,"date":"2025-03-04T13:26:31","date_gmt":"2025-03-04T13:26:31","guid":{"rendered":"http:\/\/www.yapiklinik.com\/?p=188"},"modified":"2025-03-04T18:54:32","modified_gmt":"2025-03-04T18:54:32","slug":"dis-cephede-hangi-isi-yalitim-sistemini-mantolama-kullanmaliyim","status":"publish","type":"post","link":"http:\/\/www.yapiklinik.com\/?p=188","title":{"rendered":"D\u0131\u015f Cephede Hangi Is\u0131 Yal\u0131t\u0131m Sistemini &#8211; Mantolama &#8211; Kullanmal\u0131y\u0131m?"},"content":{"rendered":"\n<figure class=\"wp-block-image size-large\"><img loading=\"lazy\" decoding=\"async\" width=\"1024\" height=\"780\" src=\"http:\/\/www.yapiklinik.com\/wp-content\/uploads\/2025\/03\/Ekran-Resmi-2025-03-03-19.29.12-1024x780.png\" alt=\"\" class=\"wp-image-189\" srcset=\"http:\/\/www.yapiklinik.com\/wp-content\/uploads\/2025\/03\/Ekran-Resmi-2025-03-03-19.29.12-1024x780.png 1024w, http:\/\/www.yapiklinik.com\/wp-content\/uploads\/2025\/03\/Ekran-Resmi-2025-03-03-19.29.12-300x228.png 300w, http:\/\/www.yapiklinik.com\/wp-content\/uploads\/2025\/03\/Ekran-Resmi-2025-03-03-19.29.12-768x585.png 768w, http:\/\/www.yapiklinik.com\/wp-content\/uploads\/2025\/03\/Ekran-Resmi-2025-03-03-19.29.12-394x300.png 394w, http:\/\/www.yapiklinik.com\/wp-content\/uploads\/2025\/03\/Ekran-Resmi-2025-03-03-19.29.12.png 1466w\" sizes=\"auto, (max-width: 1024px) 100vw, 1024px\" \/><\/figure>\n\n\n\n<p>Yang\u0131na kar\u015f\u0131 binama ne yapml\u0131y\u0131m ba\u015fl\u0131\u011f\u0131n\u0131 incelerseniz en iyi \u00e7\u00f6z\u00fcm ta\u015f y\u00fcn\u00fc uygulamakt\u0131r. <\/p>\n\n\n\n<figure class=\"wp-block-image size-full\"><img loading=\"lazy\" decoding=\"async\" width=\"788\" height=\"678\" src=\"http:\/\/www.yapiklinik.com\/wp-content\/uploads\/2025\/03\/Ekran-Resmi-2025-03-04-16.09.08.png\" alt=\"\" class=\"wp-image-190\" srcset=\"http:\/\/www.yapiklinik.com\/wp-content\/uploads\/2025\/03\/Ekran-Resmi-2025-03-04-16.09.08.png 788w, http:\/\/www.yapiklinik.com\/wp-content\/uploads\/2025\/03\/Ekran-Resmi-2025-03-04-16.09.08-300x258.png 300w, http:\/\/www.yapiklinik.com\/wp-content\/uploads\/2025\/03\/Ekran-Resmi-2025-03-04-16.09.08-768x661.png 768w, http:\/\/www.yapiklinik.com\/wp-content\/uploads\/2025\/03\/Ekran-Resmi-2025-03-04-16.09.08-349x300.png 349w\" sizes=\"auto, (max-width: 788px) 100vw, 788px\" \/><\/figure>\n\n\n\n<p><strong>Ta\u015f Y\u00fcn\u00fc<\/strong><\/p>\n\n\n\n<p>1.Sistem Yap\u0131\u015ft\u0131r\u0131c\u0131s\u0131<br>2.Ta\u015f Y\u00fcn\u00fc<br>3.D\u00fcbel<br>4.Sistem S\u0131vas\u0131<br>5.Donat\u0131 Filesi<br>6.Dekoratif Kaplama<br>7.Boya<\/p>\n\n\n\n<p>Onun d\u0131\u015f\u0131nda bina d\u0131\u015f cepheleriniz i\u00e7in EPS-Genle\u015ftirilmi\u015f Polistren K\u00f6p\u00fck uygulamakt\u0131r. Bunun i\u00e7in uygulamada karbon liflerinin yo\u011fun oldu\u011fu yada kar\u0131\u015f\u0131k oldu\u011fu siyah-beyaz benekli iklim ve mevsime g\u00f6re tercih edilmelidir. \u00c7ok s\u0131cak iklim ve mevsimlerde karbon lifli levhalar uv den etkilenebilir. <\/p>\n\n\n\n<figure class=\"wp-block-image size-full\"><img loading=\"lazy\" decoding=\"async\" width=\"788\" height=\"678\" src=\"http:\/\/www.yapiklinik.com\/wp-content\/uploads\/2025\/03\/Ekran-Resmi-2025-03-04-16.06.44.png\" alt=\"\" class=\"wp-image-191\" srcset=\"http:\/\/www.yapiklinik.com\/wp-content\/uploads\/2025\/03\/Ekran-Resmi-2025-03-04-16.06.44.png 788w, http:\/\/www.yapiklinik.com\/wp-content\/uploads\/2025\/03\/Ekran-Resmi-2025-03-04-16.06.44-300x258.png 300w, http:\/\/www.yapiklinik.com\/wp-content\/uploads\/2025\/03\/Ekran-Resmi-2025-03-04-16.06.44-768x661.png 768w, http:\/\/www.yapiklinik.com\/wp-content\/uploads\/2025\/03\/Ekran-Resmi-2025-03-04-16.06.44-349x300.png 349w\" sizes=\"auto, (max-width: 788px) 100vw, 788px\" \/><\/figure>\n\n\n\n<p><strong>EPS<\/strong><\/p>\n\n\n<h4 style=\"font-weight: 400;\">1.Sistem Yap\u0131\u015ft\u0131r\u0131c\u0131s\u0131<\/h4>\n<h4 style=\"font-weight: 400;\">2.Is\u0131 Yal\u0131t\u0131m Levhas\u0131<\/h4>\n<h4 style=\"font-weight: 400;\">3.D\u00fcbel<\/h4>\n<h4 style=\"font-weight: 400;\">4.Sistem S\u0131vas\u0131<\/h4>\n<h4 style=\"font-weight: 400;\">5.Donat\u0131 Filesi<\/h4>\n<h4 style=\"font-weight: 400;\">6.Dekoratif Kaplama<\/h4>\n<h4 style=\"font-weight: 400;\">7.Boya<\/h4>\n\n\n<p><\/p>\n\n\n\n<p>XPS-Ekst\u00fcr\u00fcde Polistren K\u00f6p\u00fck buhar ge\u00e7irgenli\u011fi konusunda, EPS ye g\u00f6re biraz geride kalmaktad\u0131r. Buna kar\u015f\u0131l\u0131k, su emme de\u011feri ise EPS ye g\u00f6re biraz daha iyi durumda oldu\u011fundan, yap\u0131lar\u0131n toprak alt\u0131 ve teras izolasyonlar\u0131nda tercih edilmelidir.<\/p>\n\n\n\n<figure class=\"wp-block-image size-full\"><img loading=\"lazy\" decoding=\"async\" width=\"832\" height=\"868\" src=\"http:\/\/www.yapiklinik.com\/wp-content\/uploads\/2025\/03\/Ekran-Resmi-2025-03-04-20.49.27.png\" alt=\"\" class=\"wp-image-195\" srcset=\"http:\/\/www.yapiklinik.com\/wp-content\/uploads\/2025\/03\/Ekran-Resmi-2025-03-04-20.49.27.png 832w, http:\/\/www.yapiklinik.com\/wp-content\/uploads\/2025\/03\/Ekran-Resmi-2025-03-04-20.49.27-288x300.png 288w, http:\/\/www.yapiklinik.com\/wp-content\/uploads\/2025\/03\/Ekran-Resmi-2025-03-04-20.49.27-768x801.png 768w\" sizes=\"auto, (max-width: 832px) 100vw, 832px\" \/><\/figure>\n\n\n\n<p>Burada en \u00f6nemli konu, do\u011fru malzemeyi se\u00e7ip, uygulaman\u0131n yetkin ki\u015filerce do\u011fru bir \u015fekilde uygulanmas\u0131d\u0131r. Aksi taktirde kat kat giyinmeniz hem sizin konforunuzu ve hareket kabiliyetinizi k\u0131s\u0131tlamamal\u0131d\u0131r. Bir kat do\u011fru ince bir termal i\u00e7 k\u0131yafet ile \u00fczerine giyece\u011finiz do\u011fru bir k\u0131yafetle d\u0131\u015f etkilere kar\u015f\u0131 kendinizi koruyup konforlu bir hareket kabiliyetine benzetilebilir, d\u0131\u015f cephedeki uygulamalar. Aksi taktirde kat kat izolasyon malzemelerini yanl\u0131\u015f kullanman\u0131z hem yap\u0131 konforunu d\u00fc\u015f\u00fcr\u00fcr ( yanl\u0131\u015f su izolasyonu sonucu yap\u0131n\u0131z\u0131n bir\u00e7ok noktada akmas\u0131 ) ve maliyet kay\u0131plar\u0131n\u0131 olu\u015fturacakt\u0131r. Hatta bu yanl\u0131\u015f uygulanan izolasyon malzemeleri \u00fczerine kullan\u0131lan kaplamalar\/boyalar ciddi maliyet kay\u0131plar\u0131 sonucunu do\u011furacakt\u0131r.<\/p>\n\n\n\n<p>Halbuki \u00e7o\u011fu zaman d\u00fc\u015f\u00fck maliyetle sorunlar\u0131n\u0131z\u0131 ve\/veya olu\u015fabilecek sorunlar\u0131n\u0131z\u0131 \u00e7ok kolay \u00e7\u00f6zebilirsiniz.&nbsp;<\/p>\n\n\n\n<p>Hadi gelin bunun nas\u0131l yap\u0131laca\u011f\u0131na ge\u00e7elim.<\/p>\n\n\n\n<ul class=\"wp-block-list\">\n<li>\u00d6ncelikle konu, proje veya sorunu tespit etmek gerekmektedir.<\/li>\n\n\n\n<li>Sonra do\u011fru malzemeleri se\u00e7mek gerekmektedir.<\/li>\n\n\n\n<li>Bu uygulamay\u0131 yap\u0131p kontrol edecek yetkin bir firma ve uygulamac\u0131y\u0131 bulmak gerekir.<\/li>\n\n\n\n<li>Yap\u0131lacak i\u015flemleri mutlaka yaz\u0131l\u0131 bir rapor ve basit bir s\u00f6zle\u015fmeyle kay\u0131t alt\u0131na almak do\u011fru olacakt\u0131r.<\/li>\n\n\n\n<li>E\u011fer \u00a0kurumsal firma \u00fcr\u00fcnleri kullan\u0131lacaksa, firman\u0131n ekibinden s\u00f6zl\u00fc ve\/veya yaz\u0131l\u0131 destek al\u0131nmas\u0131 da faydal\u0131 olacakt\u0131r.<\/li>\n\n\n\n<li>Yap\u0131lacak uygulama i\u00e7in garanti al\u0131nabiliyorsa yaz\u0131l\u0131 \u00e7ok faydal\u0131 olur. Onun d\u0131\u015f\u0131nda ge\u00e7mi\u015fi olan firma veya uygulamac\u0131larla \u00e7al\u0131\u015fmay\u0131 tercih etmelisiniz. Aksi taktirde merdiven alt\u0131 diye tan\u0131mlayaca\u011f\u0131m\u0131z bug\u00fcn var olan yar\u0131n ne olaca\u011f\u0131 belli olmayan firma ve ki\u015fileri tercih etmemelisiniz. Size biraz daha pahal\u0131 g\u00f6rebilece\u011finiz bu se\u00e7imlerin geri d\u00f6n\u00fc\u015f\u00fcn\u00fcn pozitif ve lehinizde olaca\u011f\u0131n\u0131 unutmamal\u0131s\u0131n\u0131z.<\/li>\n\n\n\n<li>Sadece su yal\u0131t\u0131m\u0131nda ortalama 650 \u00e7e\u015fit yap\u0131 kimyasal\u0131 \u00fcr\u00fcn\u00fcn\u00fcn var oldu\u011funu d\u00fc\u015f\u00fcn\u00fcrseniz\u2026.<\/li>\n\n\n\n<li>Temelde kulland\u0131\u011f\u0131n\u0131z yal\u0131t\u0131m malzemesi i\u00e7in UV direncine nas\u0131l ihtiya\u00e7 yoksa, d\u0131\u015f cephe ve\/veya teraslarda UV direnci hayati \u00f6neme sahiptir.<\/li>\n\n\n\n<li>\u0130\u00e7erden su yal\u0131t\u0131m\u0131 yapt\u0131n\u0131z ve hala su geliyorsa, do\u011fru olan, suyu kayna\u011f\u0131ndan kesmektir. Yap\u0131n\u0131n kayna\u011f\u0131nda su yal\u0131t\u0131m\u0131 yap\u0131lmal\u0131d\u0131r. Yani su d\u0131\u015far\u0131dan geliyorsa suyu orada kesmek gerekir. Bina d\u0131\u015f cephe su basman seviyesinde ve\/veya betonarme perde de bir su izolasyonu yoksa yada yanl\u0131\u015f uygulanm\u0131\u015fsa o zaman en kesin \u00e7\u00f6z\u00fcm bina \u00e7evresini a\u00e7mak ve burada su izolasyonu yapmakt\u0131r.\u00a0<\/li>\n\n\n\n<li>Burada yine do\u011fru bir uygulamac\u0131 ve do\u011fru malzemeyi se\u00e7mek gerekiyor. Aksi taktirde paran\u0131z u\u00e7acakt\u0131r. \u00a0Bunun i\u00e7in ideal y\u00f6ntem ustalar\u0131n bir MYK (Mesleki Yeterlilik Kurumu) Belgesi olmas\u0131na dikkat edin.<\/li>\n<\/ul>\n\n\n\n<p><\/p>\n","protected":false},"excerpt":{"rendered":"<p>Yang\u0131na kar\u015f\u0131 binama ne yapml\u0131y\u0131m ba\u015fl\u0131\u011f\u0131n\u0131 incelerseniz en iyi \u00e7\u00f6z\u00fcm ta\u015f y\u00fcn\u00fc uygulamakt\u0131r. Ta\u015f Y\u00fcn\u00fc 1.Sistem Yap\u0131\u015ft\u0131r\u0131c\u0131s\u01312.Ta\u015f Y\u00fcn\u00fc3.D\u00fcbel4.Sistem S\u0131vas\u01315.Donat\u0131 Filesi6.Dekoratif Kaplama7.Boya Onun d\u0131\u015f\u0131nda bina d\u0131\u015f cepheleriniz i\u00e7in EPS-Genle\u015ftirilmi\u015f Polistren K\u00f6p\u00fck uygulamakt\u0131r. Bunun i\u00e7in uygulamada karbon liflerinin yo\u011fun oldu\u011fu yada kar\u0131\u015f\u0131k &hellip; <a href=\"http:\/\/www.yapiklinik.com\/?p=188\">Okumaya devam et <span class=\"meta-nav\">&rarr;<\/span><\/a><\/p>\n","protected":false},"author":1,"featured_media":0,"comment_status":"open","ping_status":"open","sticky":false,"template":"","format":"standard","meta":{"footnotes":""},"categories":[9],"tags":[],"class_list":["post-188","post","type-post","status-publish","format-standard","hentry","category-son-kullanici"],"_links":{"self":[{"href":"http:\/\/www.yapiklinik.com\/index.php?rest_route=\/wp\/v2\/posts\/188","targetHints":{"allow":["GET"]}}],"collection":[{"href":"http:\/\/www.yapiklinik.com\/index.php?rest_route=\/wp\/v2\/posts"}],"about":[{"href":"http:\/\/www.yapiklinik.com\/index.php?rest_route=\/wp\/v2\/types\/post"}],"author":[{"embeddable":true,"href":"http:\/\/www.yapiklinik.com\/index.php?rest_route=\/wp\/v2\/users\/1"}],"replies":[{"embeddable":true,"href":"http:\/\/www.yapiklinik.com\/index.php?rest_route=%2Fwp%2Fv2%2Fcomments&post=188"}],"version-history":[{"count":3,"href":"http:\/\/www.yapiklinik.com\/index.php?rest_route=\/wp\/v2\/posts\/188\/revisions"}],"predecessor-version":[{"id":196,"href":"http:\/\/www.yapiklinik.com\/index.php?rest_route=\/wp\/v2\/posts\/188\/revisions\/196"}],"wp:attachment":[{"href":"http:\/\/www.yapiklinik.com\/index.php?rest_route=%2Fwp%2Fv2%2Fmedia&parent=188"}],"wp:term":[{"taxonomy":"category","embeddable":true,"href":"http:\/\/www.yapiklinik.com\/index.php?rest_route=%2Fwp%2Fv2%2Fcategories&post=188"},{"taxonomy":"post_tag","embeddable":true,"href":"http:\/\/www.yapiklinik.com\/index.php?rest_route=%2Fwp%2Fv2%2Ftags&post=188"}],"curies":[{"name":"wp","href":"https:\/\/api.w.org\/{rel}","templated":true}]}}