{"id":169,"date":"2025-03-03T08:39:21","date_gmt":"2025-03-03T08:39:21","guid":{"rendered":"http:\/\/www.yapiklinik.com\/?p=169"},"modified":"2025-03-03T08:39:21","modified_gmt":"2025-03-03T08:39:21","slug":"yalitimda-negatif-pozitif-yon-negatif-pozitif-su-basinci","status":"publish","type":"post","link":"http:\/\/www.yapiklinik.com\/?p=169","title":{"rendered":"Yal\u0131t\u0131mda Negatif-Pozitif Y\u00f6n? Negatif-Pozitif Su Bas\u0131nc\u0131?"},"content":{"rendered":"\n<p><strong>Yal\u0131t\u0131mda  Pozitif  Y\u00f6n &#8211; Pozitif Su Bas\u0131nc\u0131?<\/strong><\/p>\n\n\n\n<p>Suyun geldi\u011fi y\u00f6nde yap\u0131lan yal\u0131t\u0131ma pozitif yal\u0131t\u0131m denmektedir. \u00d6rne\u011fin bir barda\u011f\u0131 d\u00fc\u015f\u00fcnd\u00fc\u011f\u00fcn\u00fczde, barda\u011f\u0131n su ile temas etti\u011fi i\u00e7 y\u00fczeyer, pozitif su bas\u0131nc\u0131n\u0131 ifade etmektedir.&nbsp;<\/p>\n\n\n\n<p>Temel altlar\u0131, betonarme perdelerin toprakla temas eden y\u00fczeyleri, su deposunun i\u00e7 y\u00fczeyleri, havuzlar\u0131n i\u00e7 y\u00fczeyleri ve teraslarda yap\u0131lan yal\u0131t\u0131mlar pozitif taraf uygulamalar\u0131na \u00f6rnektir.<\/p>\n\n\n\n<figure class=\"wp-block-image size-large\"><img loading=\"lazy\" decoding=\"async\" width=\"1024\" height=\"665\" src=\"http:\/\/www.yapiklinik.com\/wp-content\/uploads\/2025\/03\/Pozitif-Su-Basinci-1024x665.png\" alt=\"\" class=\"wp-image-170\" srcset=\"http:\/\/www.yapiklinik.com\/wp-content\/uploads\/2025\/03\/Pozitif-Su-Basinci-1024x665.png 1024w, http:\/\/www.yapiklinik.com\/wp-content\/uploads\/2025\/03\/Pozitif-Su-Basinci-300x195.png 300w, http:\/\/www.yapiklinik.com\/wp-content\/uploads\/2025\/03\/Pozitif-Su-Basinci-768x498.png 768w, http:\/\/www.yapiklinik.com\/wp-content\/uploads\/2025\/03\/Pozitif-Su-Basinci-462x300.png 462w, http:\/\/www.yapiklinik.com\/wp-content\/uploads\/2025\/03\/Pozitif-Su-Basinci.png 1248w\" sizes=\"auto, (max-width: 1024px) 100vw, 1024px\" \/><figcaption><strong>Pozitif Su Bas\u0131nc\u0131 \u0130zolasyon Uygulamas\u0131 (Airless Boya Makina Uygulamas\u0131)<\/strong><\/figcaption><\/figure>\n\n\n\n<p><strong>Yal\u0131t\u0131mda Negatif Y\u00f6n-Negatif Su Bas\u0131nc\u0131?<\/strong><strong><\/strong><\/p>\n\n\n\n<p>Suyun geldi\u011fi y\u00f6n\u00fcn ters taraf\u0131ndan yap\u0131lan yal\u0131t\u0131ma negatif yal\u0131t\u0131m denmektedir. \u00d6rne\u011fin bir barda\u011f\u0131 d\u00fc\u015f\u00fcnd\u00fc\u011f\u00fcn\u00fczde, barda\u011f\u0131n su ile temas etmeyen d\u0131\u015f y\u00fczeyleri, negatif su bas\u0131nc\u0131n\u0131 ifade etmektedir.<\/p>\n\n\n\n<p>Parapetlerin d\u0131\u015f taraflar\u0131, betonarme perdelerin toprakla temas etmeyen d\u0131\u015f y\u00fczeyleri, su deposunun d\u0131\u015f y\u00fczeyleri, bina i\u00e7 cephe duvar y\u00fczeylerinde yap\u0131lan yal\u0131t\u0131mlar negatif taraf uygulamalar\u0131na \u00f6rnektir.<\/p>\n\n\n\n<p><\/p>\n\n\n\n<div class=\"wp-block-cover has-background-dim\" style=\"min-height:484px;aspect-ratio:unset;\"><img loading=\"lazy\" decoding=\"async\" width=\"1024\" height=\"784\" class=\"wp-block-cover__image-background wp-image-172\" alt=\"\" src=\"http:\/\/www.yapiklinik.com\/wp-content\/uploads\/2025\/03\/Ekran-Resmi-2025-02-16-18.13.32-1-1024x784.png\" data-object-fit=\"cover\" srcset=\"http:\/\/www.yapiklinik.com\/wp-content\/uploads\/2025\/03\/Ekran-Resmi-2025-02-16-18.13.32-1-1024x784.png 1024w, http:\/\/www.yapiklinik.com\/wp-content\/uploads\/2025\/03\/Ekran-Resmi-2025-02-16-18.13.32-1-300x230.png 300w, http:\/\/www.yapiklinik.com\/wp-content\/uploads\/2025\/03\/Ekran-Resmi-2025-02-16-18.13.32-1-768x588.png 768w, http:\/\/www.yapiklinik.com\/wp-content\/uploads\/2025\/03\/Ekran-Resmi-2025-02-16-18.13.32-1-392x300.png 392w, http:\/\/www.yapiklinik.com\/wp-content\/uploads\/2025\/03\/Ekran-Resmi-2025-02-16-18.13.32-1.png 1134w\" sizes=\"auto, (max-width: 1024px) 100vw, 1024px\" \/><div class=\"wp-block-cover__inner-container is-layout-flow wp-block-cover-is-layout-flow\">\n<p style=\"font-size:15px\"><strong>D\u0131\u015f Duvar Y\u00fczeyi Negatif Su Bas\u0131nc\u0131<\/strong><\/p>\n<\/div><\/div>\n\n\n\n<p><\/p>\n","protected":false},"excerpt":{"rendered":"<p>Yal\u0131t\u0131mda Pozitif Y\u00f6n &#8211; Pozitif Su Bas\u0131nc\u0131? Suyun geldi\u011fi y\u00f6nde yap\u0131lan yal\u0131t\u0131ma pozitif yal\u0131t\u0131m denmektedir. \u00d6rne\u011fin bir barda\u011f\u0131 d\u00fc\u015f\u00fcnd\u00fc\u011f\u00fcn\u00fczde, barda\u011f\u0131n su ile temas etti\u011fi i\u00e7 y\u00fczeyer, pozitif su bas\u0131nc\u0131n\u0131 ifade etmektedir.&nbsp; Temel altlar\u0131, betonarme perdelerin toprakla temas eden y\u00fczeyleri, su &hellip; <a href=\"http:\/\/www.yapiklinik.com\/?p=169\">Okumaya devam et <span class=\"meta-nav\">&rarr;<\/span><\/a><\/p>\n","protected":false},"author":1,"featured_media":0,"comment_status":"open","ping_status":"open","sticky":false,"template":"","format":"standard","meta":{"footnotes":""},"categories":[9],"tags":[],"class_list":["post-169","post","type-post","status-publish","format-standard","hentry","category-son-kullanici"],"_links":{"self":[{"href":"http:\/\/www.yapiklinik.com\/index.php?rest_route=\/wp\/v2\/posts\/169","targetHints":{"allow":["GET"]}}],"collection":[{"href":"http:\/\/www.yapiklinik.com\/index.php?rest_route=\/wp\/v2\/posts"}],"about":[{"href":"http:\/\/www.yapiklinik.com\/index.php?rest_route=\/wp\/v2\/types\/post"}],"author":[{"embeddable":true,"href":"http:\/\/www.yapiklinik.com\/index.php?rest_route=\/wp\/v2\/users\/1"}],"replies":[{"embeddable":true,"href":"http:\/\/www.yapiklinik.com\/index.php?rest_route=%2Fwp%2Fv2%2Fcomments&post=169"}],"version-history":[{"count":1,"href":"http:\/\/www.yapiklinik.com\/index.php?rest_route=\/wp\/v2\/posts\/169\/revisions"}],"predecessor-version":[{"id":173,"href":"http:\/\/www.yapiklinik.com\/index.php?rest_route=\/wp\/v2\/posts\/169\/revisions\/173"}],"wp:attachment":[{"href":"http:\/\/www.yapiklinik.com\/index.php?rest_route=%2Fwp%2Fv2%2Fmedia&parent=169"}],"wp:term":[{"taxonomy":"category","embeddable":true,"href":"http:\/\/www.yapiklinik.com\/index.php?rest_route=%2Fwp%2Fv2%2Fcategories&post=169"},{"taxonomy":"post_tag","embeddable":true,"href":"http:\/\/www.yapiklinik.com\/index.php?rest_route=%2Fwp%2Fv2%2Ftags&post=169"}],"curies":[{"name":"wp","href":"https:\/\/api.w.org\/{rel}","templated":true}]}}